{"id":31080,"date":"2022-01-19T13:00:09","date_gmt":"2022-01-19T12:00:09","guid":{"rendered":"https:\/\/www.pcprczluchow.pl\/?p=31080"},"modified":"2022-02-28T21:03:14","modified_gmt":"2022-02-28T20:03:14","slug":"stopnie-niepelnosprawnosci","status":"publish","type":"post","link":"https:\/\/www.pcprczluchow.pl\/?p=31080","title":{"rendered":"Stopnie niepe\u0142nosprawno\u015bci"},"content":{"rendered":"\n<div class=\"wp-block-image is-style-default\" role=\"presentation\"><figure class=\"alignleft size-full is-resized\"><img loading=\"lazy\" decoding=\"async\" src=\"https:\/\/www.pcprczluchow.pl\/wp-content\/uploads\/2022\/02\/zachary-kyra-derksen-0bdd5rzlzmk-unsplash.jpg\" alt=\"\" class=\"wp-image-31476\" width=\"400\" height=\"600\" srcset=\"https:\/\/www.pcprczluchow.pl\/wp-content\/uploads\/2022\/02\/zachary-kyra-derksen-0bdd5rzlzmk-unsplash.jpg 400w, https:\/\/www.pcprczluchow.pl\/wp-content\/uploads\/2022\/02\/zachary-kyra-derksen-0bdd5rzlzmk-unsplash-200x300.jpg 200w\" sizes=\"(max-width: 400px) 100vw, 400px\" \/><\/figure><\/div>\n\n\n\n<p>Dla realizacji cel\u00f3w okre\u015blonych ustaw\u0105 ustalono trzy stopnie niepe\u0142nosprawno\u015bci:<\/p>\n\n\n\n<p><strong>Znaczny<\/strong><br>Do znacznego stopnia niepe\u0142nosprawno\u015bci zalicza si\u0119 osob\u0119 z naruszon\u0105 sprawno\u015bci\u0105 organizmu, niezdoln\u0105 do pracy albo zdoln\u0105 do pracy w warunkach pracy chronionej i wymagaj\u0105c\u0105, w celu pe\u0142nienia r\u00f3l spo\u0142ecznych, sta\u0142ej lub d\u0142ugotrwa\u0142ej opieki i pomocy innych os\u00f3b w zwi\u0105zku z niezdolno\u015bci\u0105 do samodzielnej egzystencji.<\/p>\n\n\n\n<p><strong>Umiarkowany<\/strong><br>Do umiarkowanego stopnia niepe\u0142nosprawno\u015bci zalicza si\u0119 osob\u0119 z naruszon\u0105 sprawno\u015bci\u0105 organizmu, niezdoln\u0105 do pracy albo zdoln\u0105 do pracy jedynie w warunkach pracy chronionej lub wymagaj\u0105c\u0105 czasowej albo cz\u0119\u015bciowej pomocy innych os\u00f3b w celu pe\u0142nienia r\u00f3l spo\u0142ecznych.<\/p>\n\n\n\n<p><strong>Lekki<\/strong><br>Do lekkiego stopnia niepe\u0142nosprawno\u015bci zalicza si\u0119 osob\u0119 o naruszonej sprawno\u015bci organizmu, powoduj\u0105cej w istotny spos\u00f3b obni\u017cenie zdolno\u015bci do wykonywania pracy, w por\u00f3wnaniu do zdolno\u015bci jakie wykazuje osoba o podobnych kwalifikacjach zawodowych z pe\u0142n\u0105 sprawno\u015bci\u0105 psychiczn\u0105 i fizyczn\u0105, lub maj\u0105ca ograniczenie w pe\u0142nieniu r\u00f3l spo\u0142ecznych daj\u0105ce si\u0119 kompensowa\u0107 przy pomocy wyposa\u017cenia w przedmioty ortopedyczne, \u015brodki pomocnicze lub \u015brodki techniczne.<\/p>\n\n\n\n<p>Osoby, kt\u00f3re nie uko\u0144czy\u0142y 16 roku \u017cycia zaliczane s\u0105 do os\u00f3b niepe\u0142nosprawnych, je\u017celi maj\u0105 naruszon\u0105 sprawno\u015b\u0107 fizyczn\u0105 lub psychiczn\u0105 o przewidywanym okresie trwania powy\u017cej 12 miesi\u0119cy, z powodu wady wrodzonej, d\u0142ugotrwa\u0142ej choroby lub uszkodzenia organizmu, powoduj\u0105c\u0105 konieczno\u015b\u0107 zapewnienia im ca\u0142kowitej opieki lub pomocy w zaspokajaniu podstawowych potrzeb \u017cyciowych w spos\u00f3b przewy\u017cszaj\u0105cy wsparcie potrzebne osobie w danym wieku.<\/p>\n\n\n\n<p>Orzeczenia poza ustaleniem niepe\u0142nosprawno\u015bci lub stopnia niepe\u0142nosprawno\u015bci zawieraj\u0105 wskazania dotycz\u0105ce w szczeg\u00f3lno\u015bci: odpowiedniego zatrudnienia uwzgl\u0119dniaj\u0105cego psychofizyczne mo\u017cliwo\u015bci tej osoby;<\/p>\n\n\n\n<ul class=\"wp-block-list\"><li>szkolenia, w tym specjalistycznego;<\/li><li>zatrudnienia w zak\u0142adzie aktywno\u015bci zawodowej;<\/li><li>uczestnictwa w warsztatach terapii zaj\u0119ciowej;<\/li><li>konieczno\u015bci zaopatrzenia w przedmioty ortopedyczne, \u015brodki pomocnicze oraz pomoce techniczne u\u0142atwiaj\u0105ce funkcjonowanie tej osoby;<\/li><li>korzystania z systemu \u015brodowiskowego wsparcia w samodzielnej egzystencji, przez co rozumie si\u0119 korzystanie z us\u0142ug socjalnych, opieku\u0144czych, terapeutycznych i rehabilitacyjnych \u015bwiadczonych przez sie\u0107 instytucji pomocy spo\u0142ecznej, organizacje pozarz\u0105dowe oraz inne plac\u00f3wki;<\/li><li>konieczno\u015bci sta\u0142ej lub d\u0142ugotrwa\u0142ej opieki lub pomocy innej osoby w zwi\u0105zku ze znacznie ograniczon\u0105 mo\u017cliwo\u015bci samodzielnej egzystencji;<\/li><li>konieczno\u015bci sta\u0142ego wsp\u00f3\u0142udzia\u0142u na co dzie\u0144 opiekuna dziecka w procesie leczenia, rehabilitacji i edukacji;<\/li><li>spe\u0142niania przez osob\u0119 niepe\u0142nosprawn\u0105 przes\u0142anek okre\u015blonych w art. 8 ust. 1 ustawy z dnia 20 czerwca 1997 r. \u2013 Prawo o ruchu drogowym (Dz. U. z 2005 r. Nr 108, poz. 908 z p\u00f3\u017an. zm.), przy czym w przypadku os\u00f3b niepe\u0142nosprawnych zaliczonych do umiarkowanego stopnia niepe\u0142nosprawno\u015bci spe\u0142nienie tych przes\u0142anek mo\u017ce zosta\u0107 stwierdzone jedynie w przypadku ustalenia przyczyny niepe\u0142nosprawno\u015bci oznaczonej symbolem 04-O (choroby narz\u0105du wzroku), 05-R (upo\u015bledzenie narz\u0105du ruchu), 07-S(choroby uk\u0142adu kr\u0105\u017ceniowo-oddechowego)\u00a0lub 10-N (choroba neurologiczna);<\/li><li>inne.<\/li><\/ul>\n\n\n\n<p>Do wniosku o wydanie orzeczenia o wskazaniach do ulg i uprawnie\u0144 nale\u017cy do\u0142\u0105czy\u0107:<\/p>\n\n\n\n<ul class=\"wp-block-list\"><li>kserokopie potwierdzone za zgodno\u015b\u0107 z orygina\u0142em posiadanej przez osob\u0119 zainteresowan\u0105 dokumentacji medycznej lub kserokopie wraz z orygina\u0142em do wgl\u0105du celem potwierdzenia takiej zgodno\u015bci,<\/li><li>orzeczenie o inwalidztwie lub niezdolno\u015bci do pracy,<\/li><li>inne posiadane dokumenty mog\u0105ce mie\u0107 wp\u0142yw na ustalenie wskaza\u0144 i uprawnie\u0144.<\/li><\/ul>\n\n\n\n<p><strong>Post\u0119powanie odwo\u0142awcze<\/strong><\/p>\n\n\n\n<p>Od orzeczenia Powiatowego&nbsp;Zespo\u0142u do Spraw Orzekania o Niepe\u0142nosprawno\u015bci w Cz\u0142uchowie&nbsp;przys\u0142uguje odwo\u0142anie do Wojew\u00f3dzkiego Zespo\u0142u do Spraw Orzekania o Niepe\u0142nosprawno\u015bci w Wojew\u00f3dztwie Pomorskim&nbsp;w terminie 14 dni od daty dor\u0119czenia ww. orzeczenia za po\u015brednictwem organu, kt\u00f3ry wyda\u0142 orzeczenie.<\/p>\n\n\n\n<p><br>Od orzeczenia Wojew\u00f3dzkiego Zespo\u0142u do Spraw Orzekania o Niepe\u0142nosprawno\u015bci w Wojew\u00f3dztwie Pomorskim&nbsp;przys\u0142uguje odwo\u0142anie do S\u0105du Pracy i Ubezpiecze\u0144 Spo\u0142ecznych, za po\u015brednictwem organu, kt\u00f3ry wyda\u0142 orzeczenie w terminie 30 dni od dnia dor\u0119czenia ww. orzeczenia.<\/p>\n\n\n\n<p><br>W post\u0119powaniach orzeczniczych wszcz\u0119tych od dnia 1 czerwca 2017 r. strona ma prawo zrzeczenia si\u0119 odwo\u0142ania, zgodnie z art. 127a Kpa.<\/p>\n","protected":false},"excerpt":{"rendered":"<p>Dla realizacji cel\u00f3w okre\u015blonych ustaw\u0105 ustalono trzy stopnie niepe\u0142nosprawno\u015bci: ZnacznyDo znacznego stopnia niepe\u0142nosprawno\u015bci zalicza si\u0119 osob\u0119 z naruszon\u0105 sprawno\u015bci\u0105 organizmu, niezdoln\u0105 do pracy albo zdoln\u0105 do pracy w warunkach pracy chronionej i wymagaj\u0105c\u0105, w celu pe\u0142nienia r\u00f3l spo\u0142ecznych, sta\u0142ej lub d\u0142ugotrwa\u0142ej opieki i pomocy innych os\u00f3b w zwi\u0105zku z niezdolno\u015bci\u0105 do samodzielnej egzystencji. UmiarkowanyDo umiarkowanego [&hellip;]<\/p>\n","protected":false},"author":1,"featured_media":31112,"comment_status":"closed","ping_status":"closed","sticky":false,"template":"","format":"standard","meta":{"_et_pb_use_builder":"off","_et_pb_old_content":"<!-- wp:paragraph -->\n<p>Dla realizacji cel\u00f3w okre\u015blonych ustaw\u0105 ustalono trzy stopnie niepe\u0142nosprawno\u015bci:<\/p>\n<!-- \/wp:paragraph -->\n\n<!-- wp:paragraph -->\n<p><strong>Znaczny<\/strong><br>Do znacznego stopnia niepe\u0142nosprawno\u015bci zalicza si\u0119 osob\u0119 z naruszon\u0105 sprawno\u015bci\u0105 organizmu, niezdoln\u0105 do pracy albo zdoln\u0105 do pracy w warunkach pracy chronionej i wymagaj\u0105c\u0105, w celu pe\u0142nienia r\u00f3l spo\u0142ecznych, sta\u0142ej lub d\u0142ugotrwa\u0142ej opieki i pomocy innych os\u00f3b w zwi\u0105zku z niezdolno\u015bci\u0105 do samodzielnej egzystencji.<\/p>\n<!-- \/wp:paragraph -->\n\n<!-- wp:paragraph -->\n<p><strong>Umiarkowany<\/strong><br>Do umiarkowanego stopnia niepe\u0142nosprawno\u015bci zalicza si\u0119 osob\u0119 z naruszon\u0105 sprawno\u015bci\u0105 organizmu, niezdoln\u0105 do pracy albo zdoln\u0105 do pracy jedynie w warunkach pracy chronionej lub wymagaj\u0105c\u0105 czasowej albo cz\u0119\u015bciowej pomocy innych os\u00f3b w celu pe\u0142nienia r\u00f3l spo\u0142ecznych.<\/p>\n<!-- \/wp:paragraph -->\n\n<!-- wp:paragraph -->\n<p><strong>Lekki<\/strong><br>Do lekkiego stopnia niepe\u0142nosprawno\u015bci zalicza si\u0119 osob\u0119 o naruszonej sprawno\u015bci organizmu, powoduj\u0105cej w istotny spos\u00f3b obni\u017cenie zdolno\u015bci do wykonywania pracy, w por\u00f3wnaniu do zdolno\u015bci jakie wykazuje osoba o podobnych kwalifikacjach zawodowych z pe\u0142n\u0105 sprawno\u015bci\u0105 psychiczn\u0105 i fizyczn\u0105, lub maj\u0105ca ograniczenie w pe\u0142nieniu r\u00f3l spo\u0142ecznych daj\u0105ce si\u0119 kompensowa\u0107 przy pomocy wyposa\u017cenia w przedmioty ortopedyczne, \u015brodki pomocnicze lub \u015brodki techniczne.<\/p>\n<!-- \/wp:paragraph -->\n\n<!-- wp:paragraph -->\n<p>Osoby, kt\u00f3re nie uko\u0144czy\u0142y 16 roku \u017cycia zaliczane s\u0105 do os\u00f3b niepe\u0142nosprawnych, je\u017celi maj\u0105 naruszon\u0105 sprawno\u015b\u0107 fizyczn\u0105 lub psychiczn\u0105 o przewidywanym okresie trwania powy\u017cej 12 miesi\u0119cy, z powodu wady wrodzonej, d\u0142ugotrwa\u0142ej choroby lub uszkodzenia organizmu, powoduj\u0105c\u0105 konieczno\u015b\u0107 zapewnienia im ca\u0142kowitej opieki lub pomocy w zaspokajaniu podstawowych potrzeb \u017cyciowych w spos\u00f3b przewy\u017cszaj\u0105cy wsparcie potrzebne osobie w danym wieku.<\/p>\n<!-- \/wp:paragraph -->\n\n<!-- wp:paragraph -->\n<p>Orzeczenia poza ustaleniem niepe\u0142nosprawno\u015bci lub stopnia niepe\u0142nosprawno\u015bci zawieraj\u0105 wskazania dotycz\u0105ce w szczeg\u00f3lno\u015bci: odpowiedniego zatrudnienia uwzgl\u0119dniaj\u0105cego psychofizyczne mo\u017cliwo\u015bci tej osoby;<\/p>\n<!-- \/wp:paragraph -->\n\n<!-- wp:list -->\n<ul><li>szkolenia, w tym specjalistycznego;<\/li><li>zatrudnienia w zak\u0142adzie aktywno\u015bci zawodowej;<\/li><li>uczestnictwa w warsztatach terapii zaj\u0119ciowej;<\/li><li>konieczno\u015bci zaopatrzenia w przedmioty ortopedyczne, \u015brodki pomocnicze oraz pomoce techniczne u\u0142atwiaj\u0105ce funkcjonowanie tej osoby;<\/li><li>korzystania z systemu \u015brodowiskowego wsparcia w samodzielnej egzystencji, przez co rozumie si\u0119 korzystanie z us\u0142ug socjalnych, opieku\u0144czych, terapeutycznych i rehabilitacyjnych \u015bwiadczonych przez sie\u0107 instytucji pomocy spo\u0142ecznej, organizacje pozarz\u0105dowe oraz inne plac\u00f3wki;<\/li><li>konieczno\u015bci sta\u0142ej lub d\u0142ugotrwa\u0142ej opieki lub pomocy innej osoby w zwi\u0105zku ze znacznie ograniczon\u0105 mo\u017cliwo\u015bci samodzielnej egzystencji;<\/li><li>konieczno\u015bci sta\u0142ego wsp\u00f3\u0142udzia\u0142u na co dzie\u0144 opiekuna dziecka w procesie leczenia, rehabilitacji i edukacji;<\/li><li>spe\u0142niania przez osob\u0119 niepe\u0142nosprawn\u0105 przes\u0142anek okre\u015blonych w art. 8 ust. 1 ustawy z dnia 20 czerwca 1997 r. \u2013 Prawo o ruchu drogowym (Dz. U. z 2005 r. Nr 108, poz. 908 z p\u00f3\u017an. zm.), przy czym w przypadku os\u00f3b niepe\u0142nosprawnych zaliczonych do umiarkowanego stopnia niepe\u0142nosprawno\u015bci spe\u0142nienie tych przes\u0142anek mo\u017ce zosta\u0107 stwierdzone jedynie w przypadku ustalenia przyczyny niepe\u0142nosprawno\u015bci oznaczonej symbolem 04-O (choroby narz\u0105du wzroku), 05-R (upo\u015bledzenie narz\u0105du ruchu), 07-S(choroby uk\u0142adu kr\u0105\u017ceniowo-oddechowego)&nbsp;lub 10-N (choroba neurologiczna);<\/li><li>inne.<\/li><\/ul>\n<!-- \/wp:list -->\n\n<!-- wp:paragraph -->\n<p>Do wniosku o wydanie orzeczenia o wskazaniach do ulg i uprawnie\u0144 nale\u017cy do\u0142\u0105czy\u0107:<\/p>\n<!-- \/wp:paragraph -->\n\n<!-- wp:list -->\n<ul><li>kserokopie potwierdzone za zgodno\u015b\u0107 z orygina\u0142em posiadanej przez osob\u0119 zainteresowan\u0105 dokumentacji medycznej lub kserokopie wraz z orygina\u0142em do wgl\u0105du celem potwierdzenia takiej zgodno\u015bci,<\/li><li>orzeczenie o inwalidztwie lub niezdolno\u015bci do pracy,<\/li><li>inne posiadane dokumenty mog\u0105ce mie\u0107 wp\u0142yw na ustalenie wskaza\u0144 i uprawnie\u0144.<\/li><\/ul>\n<!-- \/wp:list -->\n\n<!-- wp:paragraph -->\n<p><strong>Post\u0119powanie odwo\u0142awcze<\/strong><\/p>\n<!-- \/wp:paragraph -->\n\n<!-- wp:paragraph -->\n<p>Od orzeczenia Powiatowego&nbsp;Zespo\u0142u do Spraw Orzekania o Niepe\u0142nosprawno\u015bci w Cz\u0142uchowie&nbsp;przys\u0142uguje odwo\u0142anie do Wojew\u00f3dzkiego Zespo\u0142u do Spraw Orzekania o Niepe\u0142nosprawno\u015bci w Wojew\u00f3dztwie Pomorskim&nbsp;w terminie 14 dni od daty dor\u0119czenia ww. orzeczenia za po\u015brednictwem organu, kt\u00f3ry wyda\u0142 orzeczenie.<\/p>\n<!-- \/wp:paragraph -->\n\n<!-- wp:paragraph -->\n<p><br>Od orzeczenia Wojew\u00f3dzkiego Zespo\u0142u do Spraw Orzekania o Niepe\u0142nosprawno\u015bci w Wojew\u00f3dztwie Pomorskim&nbsp;przys\u0142uguje odwo\u0142anie do S\u0105du Pracy i Ubezpiecze\u0144 Spo\u0142ecznych, za po\u015brednictwem organu, kt\u00f3ry wyda\u0142 orzeczenie w terminie 30 dni od dnia dor\u0119czenia ww. orzeczenia.<\/p>\n<!-- \/wp:paragraph -->\n\n<!-- wp:paragraph -->\n<p><br>W post\u0119powaniach orzeczniczych wszcz\u0119tych od dnia 1 czerwca 2017 r. strona ma prawo zrzeczenia si\u0119 odwo\u0142ania, zgodnie z art. 127a Kpa.<\/p>\n<!-- \/wp:paragraph -->","_et_gb_content_width":"2880","footnotes":""},"categories":[18,11,8],"tags":[],"class_list":["post-31080","post","type-post","status-publish","format-standard","has-post-thumbnail","hentry","category-orzecznictwo","category-pzon","category-o-nas"],"_links":{"self":[{"href":"https:\/\/www.pcprczluchow.pl\/index.php?rest_route=\/wp\/v2\/posts\/31080","targetHints":{"allow":["GET"]}}],"collection":[{"href":"https:\/\/www.pcprczluchow.pl\/index.php?rest_route=\/wp\/v2\/posts"}],"about":[{"href":"https:\/\/www.pcprczluchow.pl\/index.php?rest_route=\/wp\/v2\/types\/post"}],"author":[{"embeddable":true,"href":"https:\/\/www.pcprczluchow.pl\/index.php?rest_route=\/wp\/v2\/users\/1"}],"replies":[{"embeddable":true,"href":"https:\/\/www.pcprczluchow.pl\/index.php?rest_route=%2Fwp%2Fv2%2Fcomments&post=31080"}],"version-history":[{"count":9,"href":"https:\/\/www.pcprczluchow.pl\/index.php?rest_route=\/wp\/v2\/posts\/31080\/revisions"}],"predecessor-version":[{"id":31618,"href":"https:\/\/www.pcprczluchow.pl\/index.php?rest_route=\/wp\/v2\/posts\/31080\/revisions\/31618"}],"wp:featuredmedia":[{"embeddable":true,"href":"https:\/\/www.pcprczluchow.pl\/index.php?rest_route=\/wp\/v2\/media\/31112"}],"wp:attachment":[{"href":"https:\/\/www.pcprczluchow.pl\/index.php?rest_route=%2Fwp%2Fv2%2Fmedia&parent=31080"}],"wp:term":[{"taxonomy":"category","embeddable":true,"href":"https:\/\/www.pcprczluchow.pl\/index.php?rest_route=%2Fwp%2Fv2%2Fcategories&post=31080"},{"taxonomy":"post_tag","embeddable":true,"href":"https:\/\/www.pcprczluchow.pl\/index.php?rest_route=%2Fwp%2Fv2%2Ftags&post=31080"}],"curies":[{"name":"wp","href":"https:\/\/api.w.org\/{rel}","templated":true}]}}