{"id":32392,"date":"2026-09-04T13:23:13","date_gmt":"2026-09-04T11:23:13","guid":{"rendered":"https:\/\/www.pcprczluchow.pl\/?p=32392"},"modified":"2026-09-04T13:25:35","modified_gmt":"2026-09-04T11:25:35","slug":"dzien-otwarty","status":"publish","type":"post","link":"https:\/\/www.pcprczluchow.pl\/?p=32392","title":{"rendered":"Dzie\u0144 Otwarty!"},"content":{"rendered":"\n<figure class=\"wp-block-image aligncenter size-full\"><img loading=\"lazy\" decoding=\"async\" width=\"324\" height=\"184\" src=\"https:\/\/www.pcprczluchow.pl\/wp-content\/uploads\/2026\/09\/logo.png\" alt=\"\" class=\"wp-image-32390\" srcset=\"https:\/\/www.pcprczluchow.pl\/wp-content\/uploads\/2026\/09\/logo.png 324w, https:\/\/www.pcprczluchow.pl\/wp-content\/uploads\/2026\/09\/logo-300x170.png 300w\" sizes=\"(max-width: 324px) 100vw, 324px\" \/><\/figure>\n\n\n\n<p class=\"has-text-align-center wp-block-paragraph\">Ju\u017c 25 wrze\u015bnia 2026 roku zapraszamy wszystkich na Dzie\u0144 Otwarty Powiatowego Centrum Pomocy Rodzinie w Cz\u0142uchowie. Dowiedz si\u0119 jak zosta\u0107 rodzin\u0105 zast\u0119pcz\u0105.<\/p>\n\n\n\n<p class=\"has-text-align-center wp-block-paragraph\">Szczeg\u00f3\u0142owe informacje w za\u0142\u0105czniku poni\u017cej.<\/p>\n\n\n\n<p class=\"wp-block-paragraph\"><\/p>\n","protected":false},"excerpt":{"rendered":"<p>Ju\u017c 25 wrze\u015bnia 2026 roku zapraszamy wszystkich na Dzie\u0144 Otwarty Powiatowego Centrum Pomocy Rodzinie w Cz\u0142uchowie. Dowiedz si\u0119 jak zosta\u0107 rodzin\u0105 zast\u0119pcz\u0105. Szczeg\u00f3\u0142owe informacje w za\u0142\u0105czniku poni\u017cej.<\/p>\n","protected":false},"author":1,"featured_media":0,"comment_status":"closed","ping_status":"closed","sticky":false,"template":"","format":"standard","meta":{"_et_pb_use_builder":"off","_et_pb_old_content":"","_et_gb_content_width":"","footnotes":""},"categories":[119,10,9,12,8],"tags":[],"class_list":["post-32392","post","type-post","status-publish","format-standard","hentry","category-pfron","category-piecza-zastepcza","category-pomoc-spoleczna","category-pozostale","category-o-nas"],"_links":{"self":[{"href":"https:\/\/www.pcprczluchow.pl\/index.php?rest_route=\/wp\/v2\/posts\/32392","targetHints":{"allow":["GET"]}}],"collection":[{"href":"https:\/\/www.pcprczluchow.pl\/index.php?rest_route=\/wp\/v2\/posts"}],"about":[{"href":"https:\/\/www.pcprczluchow.pl\/index.php?rest_route=\/wp\/v2\/types\/post"}],"author":[{"embeddable":true,"href":"https:\/\/www.pcprczluchow.pl\/index.php?rest_route=\/wp\/v2\/users\/1"}],"replies":[{"embeddable":true,"href":"https:\/\/www.pcprczluchow.pl\/index.php?rest_route=%2Fwp%2Fv2%2Fcomments&post=32392"}],"version-history":[{"count":2,"href":"https:\/\/www.pcprczluchow.pl\/index.php?rest_route=\/wp\/v2\/posts\/32392\/revisions"}],"predecessor-version":[{"id":32395,"href":"https:\/\/www.pcprczluchow.pl\/index.php?rest_route=\/wp\/v2\/posts\/32392\/revisions\/32395"}],"wp:attachment":[{"href":"https:\/\/www.pcprczluchow.pl\/index.php?rest_route=%2Fwp%2Fv2%2Fmedia&parent=32392"}],"wp:term":[{"taxonomy":"category","embeddable":true,"href":"https:\/\/www.pcprczluchow.pl\/index.php?rest_route=%2Fwp%2Fv2%2Fcategories&post=32392"},{"taxonomy":"post_tag","embeddable":true,"href":"https:\/\/www.pcprczluchow.pl\/index.php?rest_route=%2Fwp%2Fv2%2Ftags&post=32392"}],"curies":[{"name":"wp","href":"https:\/\/api.w.org\/{rel}","templated":true}]}}